{"id":127,"date":"2011-01-26T00:08:56","date_gmt":"2011-01-26T00:08:56","guid":{"rendered":"http:\/\/www.verklaro.tv\/no&ca\/?p=127"},"modified":"2011-02-11T03:43:56","modified_gmt":"2011-02-11T03:43:56","slug":"vestidos-de-noiva","status":"publish","type":"post","link":"https:\/\/www.verklaro.tv\/no&ca\/2011\/01\/vestidos-de-noiva\/","title":{"rendered":"Vestidos de Noiva"},"content":{"rendered":"<p>Vamos disponibilizar na <strong>nossa galeria imagens <\/strong>de <strong>vestidos de noiva. <\/strong><\/p>\n<p>Estes vestidos s\u00e3o de marca e foram utilizados no desfile onde foram fotografados, portanto s\u00e3o novos. Em Mar\u00e7o estar\u00e3o na nossa nova loja.<\/p>\n<p>S\u00e3o para venda a <strong>pre\u00e7os acessiveis<\/strong>. Dispomos de costureira para fazer altera\u00e7\u00f5es.<\/p>\n<p>Contactem-nos e v\u00e3o gostar do pre\u00e7o e do artigo!!<\/p>\n<p>Mais novidades em Mar\u00e7o <strong>fiquem atentos.<\/strong>&#8230;<\/p>\n<p><a rel=\"attachment wp-att-128\" href=\"http:\/\/www.verklaro.tv\/no&#038;ca\/archives\/127\/dsc_0198\"><img loading=\"lazy\" decoding=\"async\" class=\"aligncenter size-medium wp-image-128\" title=\"vestido de noiva\" src=\"http:\/\/www.verklaro.tv\/no&amp;ca\/wp-content\/uploads\/2011\/01\/DSC_0198-199x300.jpg\" alt=\"\" width=\"199\" height=\"300\" srcset=\"https:\/\/www.verklaro.tv\/no&amp;ca\/wp-content\/uploads\/2011\/01\/DSC_0198-199x300.jpg 199w, https:\/\/www.verklaro.tv\/no&amp;ca\/wp-content\/uploads\/2011\/01\/DSC_0198.jpg 680w\" sizes=\"auto, (max-width: 199px) 100vw, 199px\" \/><\/a><em>(Fotos cedidas pelo promotor do evento)<\/em><\/p>\n<div class=\"al2fb_like_button\"><div id=\"fb-root\"><\/div><script type=\"text\/javascript\">\n(function(d, s, id) {\n  var js, fjs = d.getElementsByTagName(s)[0];\n  if (d.getElementById(id)) return;\n  js = d.createElement(s); js.id = id;\n  js.src = \"\/\/connect.facebook.net\/pt_PT\/all.js#xfbml=1&appId=correio@verklaro.tv\";\n  fjs.parentNode.insertBefore(js, fjs);\n}(document, \"script\", \"facebook-jssdk\"));\n<\/script>\n<fb:like href=\"https:\/\/www.verklaro.tv\/no&ca\/2011\/01\/vestidos-de-noiva\/\" layout=\"standard\" show_faces=\"true\" share=\"false\" width=\"450\" action=\"recommend\" font=\"arial\" colorscheme=\"light\" ref=\"AL2FB\"><\/fb:like><\/div>","protected":false},"excerpt":{"rendered":"<p>Vamos disponibilizar na nossa galeria imagens de vestidos de noiva. Estes vestidos s\u00e3o de marca e foram utilizados no desfile onde foram fotografados, portanto s\u00e3o novos. Em Mar\u00e7o estar\u00e3o na nossa nova loja. S\u00e3o para venda a pre\u00e7os acessiveis. Dispomos &hellip; <a href=\"https:\/\/www.verklaro.tv\/no&#038;ca\/2011\/01\/vestidos-de-noiva\/\">Continuar a ler <span class=\"meta-nav\">&rarr;<\/span><\/a><\/p>\n","protected":false},"author":1,"featured_media":0,"comment_status":"closed","ping_status":"open","sticky":false,"template":"","format":"standard","meta":{"footnotes":""},"categories":[1,4],"tags":[38,39,37,36],"class_list":["post-127","post","type-post","status-publish","format-standard","hentry","category-sem-categoria","category-novidades","tag-galeria","tag-imagens","tag-precos-baixos","tag-vestidos-de-noiva"],"_links":{"self":[{"href":"https:\/\/www.verklaro.tv\/no&ca\/wp-json\/wp\/v2\/posts\/127","targetHints":{"allow":["GET"]}}],"collection":[{"href":"https:\/\/www.verklaro.tv\/no&ca\/wp-json\/wp\/v2\/posts"}],"about":[{"href":"https:\/\/www.verklaro.tv\/no&ca\/wp-json\/wp\/v2\/types\/post"}],"author":[{"embeddable":true,"href":"https:\/\/www.verklaro.tv\/no&ca\/wp-json\/wp\/v2\/users\/1"}],"replies":[{"embeddable":true,"href":"https:\/\/www.verklaro.tv\/no&ca\/wp-json\/wp\/v2\/comments?post=127"}],"version-history":[{"count":7,"href":"https:\/\/www.verklaro.tv\/no&ca\/wp-json\/wp\/v2\/posts\/127\/revisions"}],"predecessor-version":[{"id":141,"href":"https:\/\/www.verklaro.tv\/no&ca\/wp-json\/wp\/v2\/posts\/127\/revisions\/141"}],"wp:attachment":[{"href":"https:\/\/www.verklaro.tv\/no&ca\/wp-json\/wp\/v2\/media?parent=127"}],"wp:term":[{"taxonomy":"category","embeddable":true,"href":"https:\/\/www.verklaro.tv\/no&ca\/wp-json\/wp\/v2\/categories?post=127"},{"taxonomy":"post_tag","embeddable":true,"href":"https:\/\/www.verklaro.tv\/no&ca\/wp-json\/wp\/v2\/tags?post=127"}],"curies":[{"name":"wp","href":"https:\/\/api.w.org\/{rel}","templated":true}]}}