{"id":176,"date":"2011-02-20T18:31:49","date_gmt":"2011-02-20T18:31:49","guid":{"rendered":"http:\/\/www.verklaro.tv\/no&ca\/?p=176"},"modified":"2011-02-20T19:03:54","modified_gmt":"2011-02-20T19:03:54","slug":"catering-em-viseu","status":"publish","type":"post","link":"https:\/\/www.verklaro.tv\/no&ca\/2011\/02\/catering-em-viseu\/","title":{"rendered":"Catering em Viseu"},"content":{"rendered":"<p>Lembramos os nossos visitantes que a verklaro mantem rela\u00e7\u00f5es priveligiadas com quintas e espa\u00e7os para catering.<\/p>\n<p>Se precisa de um espa\u00e7o e\/ou de servi\u00e7o de refei\u00e7\u00e3o para o seu casamento ou evento especial, tal como despedidas de solteiro ou festas de batizado consulte-nos.<\/p>\n<p>Trabalhamos com servi\u00e7os de qualidade que se adaptam ao seu bolso sem perder o enfoque no principal, o bem servir e a simpatia.<\/p>\n<p>Para servi\u00e7os de \u00faltima hora ou urgencias, existe sempre uma resposta.<\/p>\n<p>Possibilidade de servi\u00e7o completo ou seja organiza\u00e7\u00e3o total do evento.<\/p>\n<p>Para as ofertas especiais consulte-nos&#8230;.<\/p>\n<div class=\"al2fb_like_button\"><div id=\"fb-root\"><\/div><script type=\"text\/javascript\">\n(function(d, s, id) {\n  var js, fjs = d.getElementsByTagName(s)[0];\n  if (d.getElementById(id)) return;\n  js = d.createElement(s); js.id = id;\n  js.src = \"\/\/connect.facebook.net\/pt_PT\/all.js#xfbml=1&appId=correio@verklaro.tv\";\n  fjs.parentNode.insertBefore(js, fjs);\n}(document, \"script\", \"facebook-jssdk\"));\n<\/script>\n<fb:like href=\"https:\/\/www.verklaro.tv\/no&ca\/2011\/02\/catering-em-viseu\/\" layout=\"standard\" show_faces=\"true\" share=\"false\" width=\"450\" action=\"recommend\" font=\"arial\" colorscheme=\"light\" ref=\"AL2FB\"><\/fb:like><\/div>","protected":false},"excerpt":{"rendered":"<p>Lembramos os nossos visitantes que a verklaro mantem rela\u00e7\u00f5es priveligiadas com quintas e espa\u00e7os para catering. Se precisa de um espa\u00e7o e\/ou de servi\u00e7o de refei\u00e7\u00e3o para o seu casamento ou evento especial, tal como despedidas de solteiro ou festas &hellip; <a href=\"https:\/\/www.verklaro.tv\/no&#038;ca\/2011\/02\/catering-em-viseu\/\">Continuar a ler <span class=\"meta-nav\">&rarr;<\/span><\/a><\/p>\n","protected":false},"author":1,"featured_media":0,"comment_status":"closed","ping_status":"open","sticky":false,"template":"","format":"standard","meta":{"footnotes":""},"categories":[4],"tags":[51,52,50],"class_list":["post-176","post","type-post","status-publish","format-standard","hentry","category-novidades","tag-catering","tag-organizacao-total","tag-servicos-de-ultima-hora-ou-urgencias"],"_links":{"self":[{"href":"https:\/\/www.verklaro.tv\/no&ca\/wp-json\/wp\/v2\/posts\/176","targetHints":{"allow":["GET"]}}],"collection":[{"href":"https:\/\/www.verklaro.tv\/no&ca\/wp-json\/wp\/v2\/posts"}],"about":[{"href":"https:\/\/www.verklaro.tv\/no&ca\/wp-json\/wp\/v2\/types\/post"}],"author":[{"embeddable":true,"href":"https:\/\/www.verklaro.tv\/no&ca\/wp-json\/wp\/v2\/users\/1"}],"replies":[{"embeddable":true,"href":"https:\/\/www.verklaro.tv\/no&ca\/wp-json\/wp\/v2\/comments?post=176"}],"version-history":[{"count":3,"href":"https:\/\/www.verklaro.tv\/no&ca\/wp-json\/wp\/v2\/posts\/176\/revisions"}],"predecessor-version":[{"id":178,"href":"https:\/\/www.verklaro.tv\/no&ca\/wp-json\/wp\/v2\/posts\/176\/revisions\/178"}],"wp:attachment":[{"href":"https:\/\/www.verklaro.tv\/no&ca\/wp-json\/wp\/v2\/media?parent=176"}],"wp:term":[{"taxonomy":"category","embeddable":true,"href":"https:\/\/www.verklaro.tv\/no&ca\/wp-json\/wp\/v2\/categories?post=176"},{"taxonomy":"post_tag","embeddable":true,"href":"https:\/\/www.verklaro.tv\/no&ca\/wp-json\/wp\/v2\/tags?post=176"}],"curies":[{"name":"wp","href":"https:\/\/api.w.org\/{rel}","templated":true}]}}