{"id":189,"date":"2011-03-04T16:39:18","date_gmt":"2011-03-04T16:39:18","guid":{"rendered":"http:\/\/www.verklaro.tv\/no&ca\/?p=189"},"modified":"2011-03-04T16:39:18","modified_gmt":"2011-03-04T16:39:18","slug":"animacao-para-viseu-o-nosso-casamento","status":"publish","type":"post","link":"https:\/\/www.verklaro.tv\/no&ca\/2011\/03\/animacao-para-viseu-o-nosso-casamento\/","title":{"rendered":"Anima\u00e7\u00e3o para o nosso casamento em Viseu"},"content":{"rendered":"<p>Este \u00e9 o momento certo para decidir o tipo de anima\u00e7\u00e3o que quer ter no seu Casamento.<\/p>\n<p>Existem pelo menos 2 momentos em qua a anima\u00e7\u00e3o faz a diferen\u00e7a.<\/p>\n<p>Na Cerim\u00f3nia, seja Cvil ou Religiosa e\u00a0na Boda.<\/p>\n<p>Para o primeiro momento, n\u00e3o\u00a0\u00e9 simples escolher. A oferta \u00e9 variade e de muito qualidade. A op\u00e7\u00e3o ser\u00e1 escolher a partir do gosto pessoal e da carteira!\u00a0<\/p>\n<p>No segundo momento\u00a0a escolha do tipo de m\u00fasica \u00e9\u00a0masi uma op\u00e7\u00e3o virada para os convidados. Que tipo de festa quer dar aos seus convidados?<\/p>\n<p>Um rancho folclorico?<\/p>\n<p>Um grupo de Baile?<\/p>\n<p>Umas concertinas?<\/p>\n<p>Um Dj?<\/p>\n<p>\u00c9\u00a0muito vasto o campo de escolha. N\u00f3s opt\u00e1mos por escolher para trabalhar connosco parceirros com provas dades quer t\u00e9cnicas quer pessoais.<\/p>\n<p>Decidimos n\u00e3o criar limites para a sua festa. O nosso servi\u00e7o n\u00e3o \u00e9 limitado por um tempo rigoroso\u00a0de actua\u00e7\u00e3o.<\/p>\n<p>Consulte-nos para um maior esclarecimento e saber os pre\u00e7os actualizados.<\/p>\n<div class=\"al2fb_like_button\"><div id=\"fb-root\"><\/div><script type=\"text\/javascript\">\n(function(d, s, id) {\n  var js, fjs = d.getElementsByTagName(s)[0];\n  if (d.getElementById(id)) return;\n  js = d.createElement(s); js.id = id;\n  js.src = \"\/\/connect.facebook.net\/pt_PT\/all.js#xfbml=1&appId=correio@verklaro.tv\";\n  fjs.parentNode.insertBefore(js, fjs);\n}(document, \"script\", \"facebook-jssdk\"));\n<\/script>\n<fb:like href=\"https:\/\/www.verklaro.tv\/no&ca\/2011\/03\/animacao-para-viseu-o-nosso-casamento\/\" layout=\"standard\" show_faces=\"true\" share=\"false\" width=\"450\" action=\"recommend\" font=\"arial\" colorscheme=\"light\" ref=\"AL2FB\"><\/fb:like><\/div>","protected":false},"excerpt":{"rendered":"<p>Este \u00e9 o momento certo para decidir o tipo de anima\u00e7\u00e3o que quer ter no seu Casamento. Existem pelo menos 2 momentos em qua a anima\u00e7\u00e3o faz a diferen\u00e7a. Na Cerim\u00f3nia, seja Cvil ou Religiosa e\u00a0na Boda. Para o primeiro &hellip; <a href=\"https:\/\/www.verklaro.tv\/no&#038;ca\/2011\/03\/animacao-para-viseu-o-nosso-casamento\/\">Continuar a ler <span class=\"meta-nav\">&rarr;<\/span><\/a><\/p>\n","protected":false},"author":1,"featured_media":0,"comment_status":"closed","ping_status":"open","sticky":false,"template":"","format":"standard","meta":{"footnotes":""},"categories":[4],"tags":[6],"class_list":["post-189","post","type-post","status-publish","format-standard","hentry","category-novidades","tag-animacao"],"_links":{"self":[{"href":"https:\/\/www.verklaro.tv\/no&ca\/wp-json\/wp\/v2\/posts\/189","targetHints":{"allow":["GET"]}}],"collection":[{"href":"https:\/\/www.verklaro.tv\/no&ca\/wp-json\/wp\/v2\/posts"}],"about":[{"href":"https:\/\/www.verklaro.tv\/no&ca\/wp-json\/wp\/v2\/types\/post"}],"author":[{"embeddable":true,"href":"https:\/\/www.verklaro.tv\/no&ca\/wp-json\/wp\/v2\/users\/1"}],"replies":[{"embeddable":true,"href":"https:\/\/www.verklaro.tv\/no&ca\/wp-json\/wp\/v2\/comments?post=189"}],"version-history":[{"count":1,"href":"https:\/\/www.verklaro.tv\/no&ca\/wp-json\/wp\/v2\/posts\/189\/revisions"}],"predecessor-version":[{"id":190,"href":"https:\/\/www.verklaro.tv\/no&ca\/wp-json\/wp\/v2\/posts\/189\/revisions\/190"}],"wp:attachment":[{"href":"https:\/\/www.verklaro.tv\/no&ca\/wp-json\/wp\/v2\/media?parent=189"}],"wp:term":[{"taxonomy":"category","embeddable":true,"href":"https:\/\/www.verklaro.tv\/no&ca\/wp-json\/wp\/v2\/categories?post=189"},{"taxonomy":"post_tag","embeddable":true,"href":"https:\/\/www.verklaro.tv\/no&ca\/wp-json\/wp\/v2\/tags?post=189"}],"curies":[{"name":"wp","href":"https:\/\/api.w.org\/{rel}","templated":true}]}}