{"id":221,"date":"2011-03-06T00:20:20","date_gmt":"2011-03-06T00:20:20","guid":{"rendered":"http:\/\/www.verklaro.tv\/no&#038;ca\/?p=221"},"modified":"2011-05-30T23:44:01","modified_gmt":"2011-05-30T23:44:01","slug":"quintas-para-casamento-em-viseu","status":"publish","type":"post","link":"https:\/\/www.verklaro.tv\/no&ca\/2011\/03\/quintas-para-casamento-em-viseu\/","title":{"rendered":"Quintas para casamento em Viseu"},"content":{"rendered":"<ul>\n<li>Consolidando o seu trabalho de apoio a eventos com enfase em casamentos, a verklaro disponibiliza um servi\u00e7o de apoio \u00e0 escolha de quintas e espa\u00e7os para casamentos na sua \u00e1rea de abrangencia.<\/li>\n<li>Se ainda n\u00e3o tem o local&#8230;<\/li>\n<li>Seja tem mas necessita apoio na organiza\u00e7\u00e3o&#8230;.<\/li>\n<li>Se simplesmente quer decora\u00e7\u00e3o profissional a pre\u00e7os baixos&#8230;<\/li>\n<li>Se quer s\u00f3 or\u00e7amento sem compromisso&#8230;<\/li>\n<li>Se quer ficar em boas m\u00e3os&#8230;<\/li>\n<li>Entre em contacto connosco, vai ver que temos as solu\u00e7\u00f5es certas para a festa que pretende a pre\u00e7os fantasticos!!<\/li>\n<li>Tratamos de tudo por si!!!<\/li>\n<\/ul>\n<p>&nbsp;<\/p>\n<p>&nbsp;<\/p>\n<div class=\"al2fb_like_button\"><div id=\"fb-root\"><\/div><script type=\"text\/javascript\">\n(function(d, s, id) {\n  var js, fjs = d.getElementsByTagName(s)[0];\n  if (d.getElementById(id)) return;\n  js = d.createElement(s); js.id = id;\n  js.src = \"\/\/connect.facebook.net\/pt_PT\/all.js#xfbml=1&appId=correio@verklaro.tv\";\n  fjs.parentNode.insertBefore(js, fjs);\n}(document, \"script\", \"facebook-jssdk\"));\n<\/script>\n<fb:like href=\"https:\/\/www.verklaro.tv\/no&ca\/2011\/03\/quintas-para-casamento-em-viseu\/\" layout=\"standard\" show_faces=\"true\" share=\"false\" width=\"450\" action=\"recommend\" font=\"arial\" colorscheme=\"light\" ref=\"AL2FB\"><\/fb:like><\/div>","protected":false},"excerpt":{"rendered":"<p>Consolidando o seu trabalho de apoio a eventos com enfase em casamentos, a verklaro disponibiliza um servi\u00e7o de apoio \u00e0 escolha de quintas e espa\u00e7os para casamentos na sua \u00e1rea de abrangencia. Se ainda n\u00e3o tem o local&#8230; Seja tem &hellip; <a href=\"https:\/\/www.verklaro.tv\/no&#038;ca\/2011\/03\/quintas-para-casamento-em-viseu\/\">Continuar a ler <span class=\"meta-nav\">&rarr;<\/span><\/a><\/p>\n","protected":false},"author":2,"featured_media":0,"comment_status":"closed","ping_status":"open","sticky":false,"template":"","format":"aside","meta":{"footnotes":""},"categories":[4],"tags":[6,56,51,57],"class_list":["post-221","post","type-post","status-publish","format-aside","hentry","category-novidades","tag-animacao","tag-cacamentos","tag-catering","tag-quintas","post_format-post-format-aside"],"_links":{"self":[{"href":"https:\/\/www.verklaro.tv\/no&ca\/wp-json\/wp\/v2\/posts\/221","targetHints":{"allow":["GET"]}}],"collection":[{"href":"https:\/\/www.verklaro.tv\/no&ca\/wp-json\/wp\/v2\/posts"}],"about":[{"href":"https:\/\/www.verklaro.tv\/no&ca\/wp-json\/wp\/v2\/types\/post"}],"author":[{"embeddable":true,"href":"https:\/\/www.verklaro.tv\/no&ca\/wp-json\/wp\/v2\/users\/2"}],"replies":[{"embeddable":true,"href":"https:\/\/www.verklaro.tv\/no&ca\/wp-json\/wp\/v2\/comments?post=221"}],"version-history":[{"count":4,"href":"https:\/\/www.verklaro.tv\/no&ca\/wp-json\/wp\/v2\/posts\/221\/revisions"}],"predecessor-version":[{"id":224,"href":"https:\/\/www.verklaro.tv\/no&ca\/wp-json\/wp\/v2\/posts\/221\/revisions\/224"}],"wp:attachment":[{"href":"https:\/\/www.verklaro.tv\/no&ca\/wp-json\/wp\/v2\/media?parent=221"}],"wp:term":[{"taxonomy":"category","embeddable":true,"href":"https:\/\/www.verklaro.tv\/no&ca\/wp-json\/wp\/v2\/categories?post=221"},{"taxonomy":"post_tag","embeddable":true,"href":"https:\/\/www.verklaro.tv\/no&ca\/wp-json\/wp\/v2\/tags?post=221"}],"curies":[{"name":"wp","href":"https:\/\/api.w.org\/{rel}","templated":true}]}}