{"id":274,"date":"2011-04-22T22:24:15","date_gmt":"2011-04-22T22:24:15","guid":{"rendered":"http:\/\/www.verklaro.tv\/no&ca\/?p=274"},"modified":"2011-04-22T22:24:15","modified_gmt":"2011-04-22T22:24:15","slug":"estamos-loucos-vamos-oferecer-o-servico-de-imagem-em-2011","status":"publish","type":"post","link":"https:\/\/www.verklaro.tv\/no&ca\/2011\/04\/estamos-loucos-vamos-oferecer-o-servico-de-imagem-em-2011\/","title":{"rendered":"Estamos loucos, vamos oferecer o servi\u00e7o de imagem em 2011!"},"content":{"rendered":"<p>Estamos a promover uma campanha louca!<\/p>\n<p>Case connosco e oferecemos o servi\u00e7o de fotografia e de video.<\/p>\n<p>Todo isto se decidir fazer os outros servi\u00e7os connosco! Anima\u00e7\u00e3o m\u00fasical e de crian\u00e7as, fogo, DJ, brindes e convites, prendas , acess\u00f3rios, etc.<\/p>\n<p>Esta promo\u00e7\u00e3o \u00e9 v\u00e1lida para servi\u00e7os a efectuar  at\u00e9 ao fim do ano nas quintas aderentes e n\u00e3o acumula descontos de quantidade nem de servi\u00e7os.<\/p>\n<p>Um servi\u00e7o por fim de semana!!\u00a0 s\u00f3!<\/p>\n<p>Para conhecer em detalhe a promo\u00e7\u00e3o visite a nossa loja.<\/p>\n<p>Garantimos a mesma qualidade de sempre no produto! Vai ter os nossos melhores profissionais a trabalhar em conjunto para si!<\/p>\n<p>Tudo organizado, tudo sem perdas de tempo. Pense que o seu dia de festa \u00e9 curto!! Para qu\u00ea desperdi\u00e7a-lo a organizar ou preocupado se est\u00e1 tudo bem!!<\/p>\n<p>Deixe connosco os pequenos pormenores&#8230; Aproveite o dia com descontos excepcionais!!<\/p>\n<p>Ainda lhe arranjamos estadia para a sua Fam\u00edlia a pre\u00e7os competitivos!!<\/p>\n<p>Porque espera?<\/p>\n<p>&nbsp;<\/p>\n<p>&nbsp;<\/p>\n<p>&nbsp;<\/p>\n<div class=\"al2fb_like_button\"><div id=\"fb-root\"><\/div><script type=\"text\/javascript\">\n(function(d, s, id) {\n  var js, fjs = d.getElementsByTagName(s)[0];\n  if (d.getElementById(id)) return;\n  js = d.createElement(s); js.id = id;\n  js.src = \"\/\/connect.facebook.net\/pt_PT\/all.js#xfbml=1&appId=correio@verklaro.tv\";\n  fjs.parentNode.insertBefore(js, fjs);\n}(document, \"script\", \"facebook-jssdk\"));\n<\/script>\n<fb:like href=\"https:\/\/www.verklaro.tv\/no&ca\/2011\/04\/estamos-loucos-vamos-oferecer-o-servico-de-imagem-em-2011\/\" layout=\"standard\" show_faces=\"true\" share=\"false\" width=\"450\" action=\"recommend\" font=\"arial\" colorscheme=\"light\" ref=\"AL2FB\"><\/fb:like><\/div>","protected":false},"excerpt":{"rendered":"<p>Estamos a promover uma campanha louca! Case connosco e oferecemos o servi\u00e7o de fotografia e de video. Todo isto se decidir fazer os outros servi\u00e7os connosco! Anima\u00e7\u00e3o m\u00fasical e de crian\u00e7as, fogo, DJ, brindes e convites, prendas , acess\u00f3rios, etc. &hellip; <a href=\"https:\/\/www.verklaro.tv\/no&#038;ca\/2011\/04\/estamos-loucos-vamos-oferecer-o-servico-de-imagem-em-2011\/\">Continuar a ler <span class=\"meta-nav\">&rarr;<\/span><\/a><\/p>\n","protected":false},"author":1,"featured_media":0,"comment_status":"closed","ping_status":"open","sticky":false,"template":"","format":"standard","meta":{"footnotes":""},"categories":[1],"tags":[],"class_list":["post-274","post","type-post","status-publish","format-standard","hentry","category-sem-categoria"],"_links":{"self":[{"href":"https:\/\/www.verklaro.tv\/no&ca\/wp-json\/wp\/v2\/posts\/274","targetHints":{"allow":["GET"]}}],"collection":[{"href":"https:\/\/www.verklaro.tv\/no&ca\/wp-json\/wp\/v2\/posts"}],"about":[{"href":"https:\/\/www.verklaro.tv\/no&ca\/wp-json\/wp\/v2\/types\/post"}],"author":[{"embeddable":true,"href":"https:\/\/www.verklaro.tv\/no&ca\/wp-json\/wp\/v2\/users\/1"}],"replies":[{"embeddable":true,"href":"https:\/\/www.verklaro.tv\/no&ca\/wp-json\/wp\/v2\/comments?post=274"}],"version-history":[{"count":2,"href":"https:\/\/www.verklaro.tv\/no&ca\/wp-json\/wp\/v2\/posts\/274\/revisions"}],"predecessor-version":[{"id":276,"href":"https:\/\/www.verklaro.tv\/no&ca\/wp-json\/wp\/v2\/posts\/274\/revisions\/276"}],"wp:attachment":[{"href":"https:\/\/www.verklaro.tv\/no&ca\/wp-json\/wp\/v2\/media?parent=274"}],"wp:term":[{"taxonomy":"category","embeddable":true,"href":"https:\/\/www.verklaro.tv\/no&ca\/wp-json\/wp\/v2\/categories?post=274"},{"taxonomy":"post_tag","embeddable":true,"href":"https:\/\/www.verklaro.tv\/no&ca\/wp-json\/wp\/v2\/tags?post=274"}],"curies":[{"name":"wp","href":"https:\/\/api.w.org\/{rel}","templated":true}]}}