{"id":283,"date":"2011-06-07T15:41:13","date_gmt":"2011-06-07T15:41:13","guid":{"rendered":"http:\/\/www.verklaro.tv\/no&#038;ca\/?p=283"},"modified":"2011-06-07T15:41:13","modified_gmt":"2011-06-07T15:41:13","slug":"organizacao-total-do-seu-casamento","status":"publish","type":"post","link":"https:\/\/www.verklaro.tv\/no&ca\/2011\/06\/organizacao-total-do-seu-casamento\/","title":{"rendered":"Organiza\u00e7\u00e3o total do seu casamento"},"content":{"rendered":"<p>A Verklaro Eventos est\u00e1 atenta ao mercado e aos desejo dos seus clientes.<\/p>\n<p>Cada vez mais, com o ritmo fren\u00e9tico da vida actual a organiza\u00e7\u00e3o de um evento como o casamento obriga a muito tempo e dedica\u00e7\u00e3o. Conscientes disso na Verklaro Eventos criamos procedimentos que permitem organizar e fornecer tudo o que necessita para o seu casamento.<\/p>\n<p>Sem perder tempo connosco pode marcar a sua noite de nupcias, fazer o seu catering, comprar os seus brindes, marcar a sua anima\u00e7\u00e3o, escolher o seu album personalizado. tem tudo no mesmo locar e feito \u00e1 sua imagem.<\/p>\n<p>Pre\u00e7os&#8230; bem simp\u00e1ticos &#8230;<\/p>\n<div class=\"al2fb_like_button\"><div id=\"fb-root\"><\/div><script type=\"text\/javascript\">\n(function(d, s, id) {\n  var js, fjs = d.getElementsByTagName(s)[0];\n  if (d.getElementById(id)) return;\n  js = d.createElement(s); js.id = id;\n  js.src = \"\/\/connect.facebook.net\/pt_PT\/all.js#xfbml=1&appId=correio@verklaro.tv\";\n  fjs.parentNode.insertBefore(js, fjs);\n}(document, \"script\", \"facebook-jssdk\"));\n<\/script>\n<fb:like href=\"https:\/\/www.verklaro.tv\/no&ca\/2011\/06\/organizacao-total-do-seu-casamento\/\" layout=\"standard\" show_faces=\"true\" share=\"false\" width=\"450\" action=\"recommend\" font=\"arial\" colorscheme=\"light\" ref=\"AL2FB\"><\/fb:like><\/div>","protected":false},"excerpt":{"rendered":"<p>A Verklaro Eventos est\u00e1 atenta ao mercado e aos desejo dos seus clientes. Cada vez mais, com o ritmo fren\u00e9tico da vida actual a organiza\u00e7\u00e3o de um evento como o casamento obriga a muito tempo e dedica\u00e7\u00e3o. Conscientes disso na &hellip; <a href=\"https:\/\/www.verklaro.tv\/no&#038;ca\/2011\/06\/organizacao-total-do-seu-casamento\/\">Continuar a ler <span class=\"meta-nav\">&rarr;<\/span><\/a><\/p>\n","protected":false},"author":1,"featured_media":0,"comment_status":"closed","ping_status":"open","sticky":false,"template":"","format":"standard","meta":{"footnotes":""},"categories":[4],"tags":[],"class_list":["post-283","post","type-post","status-publish","format-standard","hentry","category-novidades"],"_links":{"self":[{"href":"https:\/\/www.verklaro.tv\/no&ca\/wp-json\/wp\/v2\/posts\/283","targetHints":{"allow":["GET"]}}],"collection":[{"href":"https:\/\/www.verklaro.tv\/no&ca\/wp-json\/wp\/v2\/posts"}],"about":[{"href":"https:\/\/www.verklaro.tv\/no&ca\/wp-json\/wp\/v2\/types\/post"}],"author":[{"embeddable":true,"href":"https:\/\/www.verklaro.tv\/no&ca\/wp-json\/wp\/v2\/users\/1"}],"replies":[{"embeddable":true,"href":"https:\/\/www.verklaro.tv\/no&ca\/wp-json\/wp\/v2\/comments?post=283"}],"version-history":[{"count":1,"href":"https:\/\/www.verklaro.tv\/no&ca\/wp-json\/wp\/v2\/posts\/283\/revisions"}],"predecessor-version":[{"id":284,"href":"https:\/\/www.verklaro.tv\/no&ca\/wp-json\/wp\/v2\/posts\/283\/revisions\/284"}],"wp:attachment":[{"href":"https:\/\/www.verklaro.tv\/no&ca\/wp-json\/wp\/v2\/media?parent=283"}],"wp:term":[{"taxonomy":"category","embeddable":true,"href":"https:\/\/www.verklaro.tv\/no&ca\/wp-json\/wp\/v2\/categories?post=283"},{"taxonomy":"post_tag","embeddable":true,"href":"https:\/\/www.verklaro.tv\/no&ca\/wp-json\/wp\/v2\/tags?post=283"}],"curies":[{"name":"wp","href":"https:\/\/api.w.org\/{rel}","templated":true}]}}