{"id":309,"date":"2011-07-18T21:30:55","date_gmt":"2011-07-18T21:30:55","guid":{"rendered":"http:\/\/www.verklaro.tv\/no&#038;ca\/?p=309"},"modified":"2011-07-23T01:29:50","modified_gmt":"2011-07-23T01:29:50","slug":"os-nossos-chefs-ganharam","status":"publish","type":"post","link":"https:\/\/www.verklaro.tv\/no&ca\/2011\/07\/os-nossos-chefs-ganharam\/","title":{"rendered":"Os nossos chefs GANHARAM!!"},"content":{"rendered":"<p>A Verklaro Eventos congratula-se com mais uma vit\u00f3ria da equipe de chefs da Bem Viver Catering a \u00a0nossa parceira da area alimentar.<\/p>\n<p>Desta feita foi no III Festival do Kiwi que os chefes Ferreira &amp; Moreira arrecadaram mais um pr\u00e9mio!!<\/p>\n<p>&#8220;V Edi\u00e7\u00e3o do Concurso de Melhor Sobremesa com Kiwi<br \/>\nA V edi\u00e7\u00e3o do Concurso \u201cMelhor Sobremesa com Kiwi\u201d, decorreu a 17 de Julho, tamb\u00e9m no recinto da FIACOBA, tendo sido ganho por Ferreira &amp; Moreira, com Parfait de Kiwi, na categoria Profissionais, e pelo Curso EFA Pastelaria\/Panifica\u00e7\u00e3o do Centro de Forma\u00e7\u00e3o Profissional para o Sector Alimentar de Coimbra, com a sobremesa Cascata de Luz, na categoria Amadores.<\/p>\n<p>Na categoria Profissionais os vencedores foram:<br \/>\n&#8211; 1\u00ba classificado: Ferreira &amp; Moreira com Parfait de Kiwi;<br \/>\n&#8211; 2\u00ba classificado: 100 Chocolate com Semifr\u00edo Gelatinado de Kiwi;<br \/>\n&#8211; 3\u00ba classificado: Apaixonados &#8211; C.F.P.S.A. com Eclipse.<\/p>\n<p>Confira a noticia na totalidade em : <a title=\"noticia integral\" href=\"http:\/\/www.acib.pt\/cgibin\/eloja21.exe?myid=acib&amp;lang=pt&amp;loc=00&amp;titles=00&amp;cli=sn&amp;id=78&amp;tpl=destaques\" target=\"_blank\">\u00a0<\/a><a title=\"Noticia integral\" href=\"http:\/\/www.acib.pt\/cgibin\/eloja21.exe?myid=acib&amp;lang=pt&amp;loc=00&amp;titles=00&amp;cli=sn&amp;id=78&amp;tpl=destaques\" target=\"_blank\">noticia integral<\/a><\/p>\n<p>Temos equipas vencedoras a pensar em si!!! \u00a0case connosco!!<\/p>\n<p>&nbsp;<\/p>\n<p>&nbsp;<\/p>\n<p>&nbsp;<\/p>\n<p>&nbsp;<\/p>\n<div class=\"al2fb_like_button\"><div id=\"fb-root\"><\/div><script type=\"text\/javascript\">\n(function(d, s, id) {\n  var js, fjs = d.getElementsByTagName(s)[0];\n  if (d.getElementById(id)) return;\n  js = d.createElement(s); js.id = id;\n  js.src = \"\/\/connect.facebook.net\/pt_PT\/all.js#xfbml=1&appId=correio@verklaro.tv\";\n  fjs.parentNode.insertBefore(js, fjs);\n}(document, \"script\", \"facebook-jssdk\"));\n<\/script>\n<fb:like href=\"https:\/\/www.verklaro.tv\/no&ca\/2011\/07\/os-nossos-chefs-ganharam\/\" layout=\"standard\" show_faces=\"true\" share=\"false\" width=\"450\" action=\"recommend\" font=\"arial\" colorscheme=\"light\" ref=\"AL2FB\"><\/fb:like><\/div>","protected":false},"excerpt":{"rendered":"<p>A Verklaro Eventos congratula-se com mais uma vit\u00f3ria da equipe de chefs da Bem Viver Catering a \u00a0nossa parceira da area alimentar. Desta feita foi no III Festival do Kiwi que os chefes Ferreira &amp; Moreira arrecadaram mais um pr\u00e9mio!! &hellip; <a href=\"https:\/\/www.verklaro.tv\/no&#038;ca\/2011\/07\/os-nossos-chefs-ganharam\/\">Continuar a ler <span class=\"meta-nav\">&rarr;<\/span><\/a><\/p>\n","protected":false},"author":2,"featured_media":0,"comment_status":"closed","ping_status":"open","sticky":false,"template":"","format":"standard","meta":{"footnotes":""},"categories":[4],"tags":[],"class_list":["post-309","post","type-post","status-publish","format-standard","hentry","category-novidades"],"_links":{"self":[{"href":"https:\/\/www.verklaro.tv\/no&ca\/wp-json\/wp\/v2\/posts\/309","targetHints":{"allow":["GET"]}}],"collection":[{"href":"https:\/\/www.verklaro.tv\/no&ca\/wp-json\/wp\/v2\/posts"}],"about":[{"href":"https:\/\/www.verklaro.tv\/no&ca\/wp-json\/wp\/v2\/types\/post"}],"author":[{"embeddable":true,"href":"https:\/\/www.verklaro.tv\/no&ca\/wp-json\/wp\/v2\/users\/2"}],"replies":[{"embeddable":true,"href":"https:\/\/www.verklaro.tv\/no&ca\/wp-json\/wp\/v2\/comments?post=309"}],"version-history":[{"count":4,"href":"https:\/\/www.verklaro.tv\/no&ca\/wp-json\/wp\/v2\/posts\/309\/revisions"}],"predecessor-version":[{"id":312,"href":"https:\/\/www.verklaro.tv\/no&ca\/wp-json\/wp\/v2\/posts\/309\/revisions\/312"}],"wp:attachment":[{"href":"https:\/\/www.verklaro.tv\/no&ca\/wp-json\/wp\/v2\/media?parent=309"}],"wp:term":[{"taxonomy":"category","embeddable":true,"href":"https:\/\/www.verklaro.tv\/no&ca\/wp-json\/wp\/v2\/categories?post=309"},{"taxonomy":"post_tag","embeddable":true,"href":"https:\/\/www.verklaro.tv\/no&ca\/wp-json\/wp\/v2\/tags?post=309"}],"curies":[{"name":"wp","href":"https:\/\/api.w.org\/{rel}","templated":true}]}}