{"id":315,"date":"2011-07-27T12:55:16","date_gmt":"2011-07-27T12:55:16","guid":{"rendered":"http:\/\/www.verklaro.tv\/no&#038;ca\/?p=315"},"modified":"2011-07-27T12:55:16","modified_gmt":"2011-07-27T12:55:16","slug":"mais-uma-parceria-para-fios-e-colares-de-noivas","status":"publish","type":"post","link":"https:\/\/www.verklaro.tv\/no&ca\/2011\/07\/mais-uma-parceria-para-fios-e-colares-de-noivas\/","title":{"rendered":"Mais uma parceria para fios e colares de noivas"},"content":{"rendered":"<p>A Verklaro Eventos como fornecedor glabal de servi\u00e7os j\u00e1 disponibilizava uma vasta gama de pe\u00e7as criadas por um excelente artes\u00e3o. Face \u00e1 demanda de novas ideias e colec\u00e7\u00f5es decidimos ampliar a parceria com mais uma especialista.<\/p>\n<p>O seu blogue est\u00e1 aqui:<\/p>\n<p>http:\/\/cnoivas.blogspot.com\/2011\/06\/loja-verklaro-em-viseu.html<\/p>\n<p>Disponibilizamos na nossa loja uma grande quantidade de pe\u00e7as.<\/p>\n<p>Recebemos tamb\u00e9m encomendas para trabalhos personalizados.<\/p>\n<p>Visitem-nos&#8230;.<\/p>\n<div class=\"al2fb_like_button\"><div id=\"fb-root\"><\/div><script type=\"text\/javascript\">\n(function(d, s, id) {\n  var js, fjs = d.getElementsByTagName(s)[0];\n  if (d.getElementById(id)) return;\n  js = d.createElement(s); js.id = id;\n  js.src = \"\/\/connect.facebook.net\/pt_PT\/all.js#xfbml=1&appId=correio@verklaro.tv\";\n  fjs.parentNode.insertBefore(js, fjs);\n}(document, \"script\", \"facebook-jssdk\"));\n<\/script>\n<fb:like href=\"https:\/\/www.verklaro.tv\/no&ca\/2011\/07\/mais-uma-parceria-para-fios-e-colares-de-noivas\/\" layout=\"standard\" show_faces=\"true\" share=\"false\" width=\"450\" action=\"recommend\" font=\"arial\" colorscheme=\"light\" ref=\"AL2FB\"><\/fb:like><\/div>","protected":false},"excerpt":{"rendered":"<p>A Verklaro Eventos como fornecedor glabal de servi\u00e7os j\u00e1 disponibilizava uma vasta gama de pe\u00e7as criadas por um excelente artes\u00e3o. Face \u00e1 demanda de novas ideias e colec\u00e7\u00f5es decidimos ampliar a parceria com mais uma especialista. O seu blogue est\u00e1 &hellip; <a href=\"https:\/\/www.verklaro.tv\/no&#038;ca\/2011\/07\/mais-uma-parceria-para-fios-e-colares-de-noivas\/\">Continuar a ler <span class=\"meta-nav\">&rarr;<\/span><\/a><\/p>\n","protected":false},"author":1,"featured_media":0,"comment_status":"closed","ping_status":"open","sticky":false,"template":"","format":"standard","meta":{"footnotes":""},"categories":[4],"tags":[],"class_list":["post-315","post","type-post","status-publish","format-standard","hentry","category-novidades"],"_links":{"self":[{"href":"https:\/\/www.verklaro.tv\/no&ca\/wp-json\/wp\/v2\/posts\/315","targetHints":{"allow":["GET"]}}],"collection":[{"href":"https:\/\/www.verklaro.tv\/no&ca\/wp-json\/wp\/v2\/posts"}],"about":[{"href":"https:\/\/www.verklaro.tv\/no&ca\/wp-json\/wp\/v2\/types\/post"}],"author":[{"embeddable":true,"href":"https:\/\/www.verklaro.tv\/no&ca\/wp-json\/wp\/v2\/users\/1"}],"replies":[{"embeddable":true,"href":"https:\/\/www.verklaro.tv\/no&ca\/wp-json\/wp\/v2\/comments?post=315"}],"version-history":[{"count":2,"href":"https:\/\/www.verklaro.tv\/no&ca\/wp-json\/wp\/v2\/posts\/315\/revisions"}],"predecessor-version":[{"id":317,"href":"https:\/\/www.verklaro.tv\/no&ca\/wp-json\/wp\/v2\/posts\/315\/revisions\/317"}],"wp:attachment":[{"href":"https:\/\/www.verklaro.tv\/no&ca\/wp-json\/wp\/v2\/media?parent=315"}],"wp:term":[{"taxonomy":"category","embeddable":true,"href":"https:\/\/www.verklaro.tv\/no&ca\/wp-json\/wp\/v2\/categories?post=315"},{"taxonomy":"post_tag","embeddable":true,"href":"https:\/\/www.verklaro.tv\/no&ca\/wp-json\/wp\/v2\/tags?post=315"}],"curies":[{"name":"wp","href":"https:\/\/api.w.org\/{rel}","templated":true}]}}