{"id":325,"date":"2011-08-21T22:22:44","date_gmt":"2011-08-21T22:22:44","guid":{"rendered":"http:\/\/www.verklaro.tv\/no&#038;ca\/?p=325"},"modified":"2011-08-21T22:22:54","modified_gmt":"2011-08-21T22:22:54","slug":"preparar-o-casamento","status":"publish","type":"post","link":"https:\/\/www.verklaro.tv\/no&ca\/2011\/08\/preparar-o-casamento\/","title":{"rendered":"Preparar o Casamento"},"content":{"rendered":"<p>\u00c9 nestas alturas e\/ou um pouco antes do inicio dos preparativos dos casamentos que gostamos de ter uma conversa desinteressada com os noivos&#8230;<\/p>\n<p>Para quem n\u00e3o tem experi\u00eancia (\u00e9 sempre ou quase o primeiro casamento) conversar com quem j\u00e1 passou por esses complexos problemas e quem v\u00ea todos os dias as mesmas d\u00favidas s\u00f3 vai ajudar&#8230;<\/p>\n<p>Pena ser de t\u00e3o longe&#8230; Dizem alguns noivos!! \u00a0at\u00e9 n\u00e3o \u00e9 assim t\u00e3o longe do resto do mundo, mas j\u00e1 percebemos que as pessoas normalmente pensam que Viseu fica longe de tudo (lol)<\/p>\n<p>Porque n\u00e3o v\u00eam \u00e0 Feira de S\u00e3o Mateus \u00a0( Todos os anos em Agosto e Setembro) e fazem uma r\u00e1pida visita \u00e0 nossa loja que fica mesmo ao lado?<\/p>\n<p>Temos todos os servi\u00e7os e produtos para casamentos&#8230; e n\u00e3o s\u00f3!!<\/p>\n<p>Se podemos organizar tudo, TUDO e n\u00e3o perder tempo porque espera para tomar um caf\u00e9 na nossa loja?<\/p>\n<p>Apare\u00e7a!<\/p>\n<p>&nbsp;<\/p>\n<div class=\"al2fb_like_button\"><div id=\"fb-root\"><\/div><script type=\"text\/javascript\">\n(function(d, s, id) {\n  var js, fjs = d.getElementsByTagName(s)[0];\n  if (d.getElementById(id)) return;\n  js = d.createElement(s); js.id = id;\n  js.src = \"\/\/connect.facebook.net\/pt_PT\/all.js#xfbml=1&appId=correio@verklaro.tv\";\n  fjs.parentNode.insertBefore(js, fjs);\n}(document, \"script\", \"facebook-jssdk\"));\n<\/script>\n<fb:like href=\"https:\/\/www.verklaro.tv\/no&ca\/2011\/08\/preparar-o-casamento\/\" layout=\"standard\" show_faces=\"true\" share=\"false\" width=\"450\" action=\"recommend\" font=\"arial\" colorscheme=\"light\" ref=\"AL2FB\"><\/fb:like><\/div>","protected":false},"excerpt":{"rendered":"<p>\u00c9 nestas alturas e\/ou um pouco antes do inicio dos preparativos dos casamentos que gostamos de ter uma conversa desinteressada com os noivos&#8230; Para quem n\u00e3o tem experi\u00eancia (\u00e9 sempre ou quase o primeiro casamento) conversar com quem j\u00e1 passou &hellip; <a href=\"https:\/\/www.verklaro.tv\/no&#038;ca\/2011\/08\/preparar-o-casamento\/\">Continuar a ler <span class=\"meta-nav\">&rarr;<\/span><\/a><\/p>\n","protected":false},"author":2,"featured_media":0,"comment_status":"closed","ping_status":"open","sticky":false,"template":"","format":"standard","meta":{"footnotes":""},"categories":[4],"tags":[],"class_list":["post-325","post","type-post","status-publish","format-standard","hentry","category-novidades"],"_links":{"self":[{"href":"https:\/\/www.verklaro.tv\/no&ca\/wp-json\/wp\/v2\/posts\/325","targetHints":{"allow":["GET"]}}],"collection":[{"href":"https:\/\/www.verklaro.tv\/no&ca\/wp-json\/wp\/v2\/posts"}],"about":[{"href":"https:\/\/www.verklaro.tv\/no&ca\/wp-json\/wp\/v2\/types\/post"}],"author":[{"embeddable":true,"href":"https:\/\/www.verklaro.tv\/no&ca\/wp-json\/wp\/v2\/users\/2"}],"replies":[{"embeddable":true,"href":"https:\/\/www.verklaro.tv\/no&ca\/wp-json\/wp\/v2\/comments?post=325"}],"version-history":[{"count":2,"href":"https:\/\/www.verklaro.tv\/no&ca\/wp-json\/wp\/v2\/posts\/325\/revisions"}],"predecessor-version":[{"id":327,"href":"https:\/\/www.verklaro.tv\/no&ca\/wp-json\/wp\/v2\/posts\/325\/revisions\/327"}],"wp:attachment":[{"href":"https:\/\/www.verklaro.tv\/no&ca\/wp-json\/wp\/v2\/media?parent=325"}],"wp:term":[{"taxonomy":"category","embeddable":true,"href":"https:\/\/www.verklaro.tv\/no&ca\/wp-json\/wp\/v2\/categories?post=325"},{"taxonomy":"post_tag","embeddable":true,"href":"https:\/\/www.verklaro.tv\/no&ca\/wp-json\/wp\/v2\/tags?post=325"}],"curies":[{"name":"wp","href":"https:\/\/api.w.org\/{rel}","templated":true}]}}