{"id":328,"date":"2011-08-21T22:34:09","date_gmt":"2011-08-21T22:34:09","guid":{"rendered":"http:\/\/www.verklaro.tv\/no&#038;ca\/?p=328"},"modified":"2014-12-31T14:52:30","modified_gmt":"2014-12-31T14:52:30","slug":"comida-para-casamento-catering-casamentos","status":"publish","type":"post","link":"https:\/\/www.verklaro.tv\/no&ca\/2011\/08\/comida-para-casamento-catering-casamentos\/","title":{"rendered":"Catering casamentos &#8211; Banquete"},"content":{"rendered":"<p>Actualmente a <em>Verklaro Eventos<\/em> prop\u00f5e uma solu\u00e7\u00e3o para a refei\u00e7\u00e3o (Banquete)\u00a0&#8211; catering &#8211; de casamentos que pretende ampliar a oferta com novos formatos de apresenta\u00e7\u00e3o e disponibilidade total.<\/p>\n<p>Sem esquecer a tradi\u00e7\u00e3o do bem servir beir\u00e3o fomos beber inspira\u00e7\u00e3o com os melhores dos melhores e criamos parceria com a Bem Viver Catering.<\/p>\n<p>Para quem procura aten\u00e7\u00e3o, comida, satisfa\u00e7\u00e3o, qualidade, simpatia, a satisfa\u00e7\u00e3o dos gostos pessoais, inova\u00e7\u00e3o e pre\u00e7os bem acess\u00edveis&#8230;.<\/p>\n<p>Est\u00e1 farto dos mesmos s\u00edtios, das mesmas ementas, das mesmas caras, nos \u00faltimos 5 casamentos esteve na mesma sala e na mesma cadeira? \u00a0MUDE-SE!!<\/p>\n<p>Aproveite e consulte-nos!!!<\/p>\n<p>Podemos fazer mais do que a refei\u00e7\u00e3o!! podemos organizar o seu casamento todo!!! \u00a0N\u00e3o perca tempo!! \u00a0E ganhe dinheiro!!!<\/p>\n<p>Visite-nos<\/p>\n<p>&nbsp;<\/p>\n<p>&nbsp;<\/p>\n<div class=\"al2fb_like_button\"><div id=\"fb-root\"><\/div><script type=\"text\/javascript\">\n(function(d, s, id) {\n  var js, fjs = d.getElementsByTagName(s)[0];\n  if (d.getElementById(id)) return;\n  js = d.createElement(s); js.id = id;\n  js.src = \"\/\/connect.facebook.net\/pt_PT\/all.js#xfbml=1&appId=correio@verklaro.tv\";\n  fjs.parentNode.insertBefore(js, fjs);\n}(document, \"script\", \"facebook-jssdk\"));\n<\/script>\n<fb:like href=\"https:\/\/www.verklaro.tv\/no&ca\/2011\/08\/comida-para-casamento-catering-casamentos\/\" layout=\"standard\" show_faces=\"true\" share=\"false\" width=\"450\" action=\"recommend\" font=\"arial\" colorscheme=\"light\" ref=\"AL2FB\"><\/fb:like><\/div>","protected":false},"excerpt":{"rendered":"<p>Actualmente a Verklaro Eventos prop\u00f5e uma solu\u00e7\u00e3o para a refei\u00e7\u00e3o (Banquete)\u00a0&#8211; catering &#8211; de casamentos que pretende ampliar a oferta com novos formatos de apresenta\u00e7\u00e3o e disponibilidade total. Sem esquecer a tradi\u00e7\u00e3o do bem servir beir\u00e3o fomos beber inspira\u00e7\u00e3o com &hellip; <a href=\"https:\/\/www.verklaro.tv\/no&#038;ca\/2011\/08\/comida-para-casamento-catering-casamentos\/\">Continuar a ler <span class=\"meta-nav\">&rarr;<\/span><\/a><\/p>\n","protected":false},"author":2,"featured_media":0,"comment_status":"closed","ping_status":"open","sticky":false,"template":"","format":"standard","meta":{"footnotes":""},"categories":[4],"tags":[],"class_list":["post-328","post","type-post","status-publish","format-standard","hentry","category-novidades"],"_links":{"self":[{"href":"https:\/\/www.verklaro.tv\/no&ca\/wp-json\/wp\/v2\/posts\/328","targetHints":{"allow":["GET"]}}],"collection":[{"href":"https:\/\/www.verklaro.tv\/no&ca\/wp-json\/wp\/v2\/posts"}],"about":[{"href":"https:\/\/www.verklaro.tv\/no&ca\/wp-json\/wp\/v2\/types\/post"}],"author":[{"embeddable":true,"href":"https:\/\/www.verklaro.tv\/no&ca\/wp-json\/wp\/v2\/users\/2"}],"replies":[{"embeddable":true,"href":"https:\/\/www.verklaro.tv\/no&ca\/wp-json\/wp\/v2\/comments?post=328"}],"version-history":[{"count":9,"href":"https:\/\/www.verklaro.tv\/no&ca\/wp-json\/wp\/v2\/posts\/328\/revisions"}],"predecessor-version":[{"id":465,"href":"https:\/\/www.verklaro.tv\/no&ca\/wp-json\/wp\/v2\/posts\/328\/revisions\/465"}],"wp:attachment":[{"href":"https:\/\/www.verklaro.tv\/no&ca\/wp-json\/wp\/v2\/media?parent=328"}],"wp:term":[{"taxonomy":"category","embeddable":true,"href":"https:\/\/www.verklaro.tv\/no&ca\/wp-json\/wp\/v2\/categories?post=328"},{"taxonomy":"post_tag","embeddable":true,"href":"https:\/\/www.verklaro.tv\/no&ca\/wp-json\/wp\/v2\/tags?post=328"}],"curies":[{"name":"wp","href":"https:\/\/api.w.org\/{rel}","templated":true}]}}