{"id":344,"date":"2012-02-22T10:51:10","date_gmt":"2012-02-22T10:51:10","guid":{"rendered":"http:\/\/www.verklaro.tv\/no&#038;ca\/?p=344"},"modified":"2012-02-22T10:51:10","modified_gmt":"2012-02-22T10:51:10","slug":"catering-e-assessoria-de-eventos","status":"publish","type":"post","link":"https:\/\/www.verklaro.tv\/no&ca\/2012\/02\/catering-e-assessoria-de-eventos\/","title":{"rendered":"Catering e assessoria de eventos"},"content":{"rendered":"<p>A Verklaro Eventos tem nos seu quadros pessoas com mais de 20 anos de experi\u00eancia em casamentos.<\/p>\n<p>Para n\u00f3s momentos \u00fanicos, que s\u00e3o os casamentos, n\u00e3o s\u00e3o momentos rotineiros ou bichos de 7 cabe\u00e7as. N\u00f3s gostamos de ouvir, compreender e resolver os problemas mais insignificantes para que o seu casamento seja perfeito.<\/p>\n<p>O nosso servi\u00e7o de catering assenta nos mesmos princ\u00edpios. Os seus gostos pessoais s\u00e3o tidos em considera\u00e7\u00e3o. \u00a0Quem melhor conhece os seus convidados?<\/p>\n<p>Porque cada vez mais devemos dar tempo aos noivos para poderem desfrutar por completo do dia, promovemos um servi\u00e7o completo de organiza\u00e7\u00e3o e assessoria para o seu evento. \u00a0A nossa longa experi\u00eancia n\u00e3o o vai deixar ficar mal.<\/p>\n<p>contacte-nos&#8230;<\/p>\n<div class=\"al2fb_like_button\"><div id=\"fb-root\"><\/div><script type=\"text\/javascript\">\n(function(d, s, id) {\n  var js, fjs = d.getElementsByTagName(s)[0];\n  if (d.getElementById(id)) return;\n  js = d.createElement(s); js.id = id;\n  js.src = \"\/\/connect.facebook.net\/pt_PT\/all.js#xfbml=1&appId=correio@verklaro.tv\";\n  fjs.parentNode.insertBefore(js, fjs);\n}(document, \"script\", \"facebook-jssdk\"));\n<\/script>\n<fb:like href=\"https:\/\/www.verklaro.tv\/no&ca\/2012\/02\/catering-e-assessoria-de-eventos\/\" layout=\"standard\" show_faces=\"true\" share=\"false\" width=\"450\" action=\"recommend\" font=\"arial\" colorscheme=\"light\" ref=\"AL2FB\"><\/fb:like><\/div>","protected":false},"excerpt":{"rendered":"<p>A Verklaro Eventos tem nos seu quadros pessoas com mais de 20 anos de experi\u00eancia em casamentos. Para n\u00f3s momentos \u00fanicos, que s\u00e3o os casamentos, n\u00e3o s\u00e3o momentos rotineiros ou bichos de 7 cabe\u00e7as. N\u00f3s gostamos de ouvir, compreender e &hellip; <a href=\"https:\/\/www.verklaro.tv\/no&#038;ca\/2012\/02\/catering-e-assessoria-de-eventos\/\">Continuar a ler <span class=\"meta-nav\">&rarr;<\/span><\/a><\/p>\n","protected":false},"author":2,"featured_media":0,"comment_status":"closed","ping_status":"open","sticky":false,"template":"","format":"standard","meta":{"footnotes":""},"categories":[4],"tags":[],"class_list":["post-344","post","type-post","status-publish","format-standard","hentry","category-novidades"],"_links":{"self":[{"href":"https:\/\/www.verklaro.tv\/no&ca\/wp-json\/wp\/v2\/posts\/344","targetHints":{"allow":["GET"]}}],"collection":[{"href":"https:\/\/www.verklaro.tv\/no&ca\/wp-json\/wp\/v2\/posts"}],"about":[{"href":"https:\/\/www.verklaro.tv\/no&ca\/wp-json\/wp\/v2\/types\/post"}],"author":[{"embeddable":true,"href":"https:\/\/www.verklaro.tv\/no&ca\/wp-json\/wp\/v2\/users\/2"}],"replies":[{"embeddable":true,"href":"https:\/\/www.verklaro.tv\/no&ca\/wp-json\/wp\/v2\/comments?post=344"}],"version-history":[{"count":1,"href":"https:\/\/www.verklaro.tv\/no&ca\/wp-json\/wp\/v2\/posts\/344\/revisions"}],"predecessor-version":[{"id":345,"href":"https:\/\/www.verklaro.tv\/no&ca\/wp-json\/wp\/v2\/posts\/344\/revisions\/345"}],"wp:attachment":[{"href":"https:\/\/www.verklaro.tv\/no&ca\/wp-json\/wp\/v2\/media?parent=344"}],"wp:term":[{"taxonomy":"category","embeddable":true,"href":"https:\/\/www.verklaro.tv\/no&ca\/wp-json\/wp\/v2\/categories?post=344"},{"taxonomy":"post_tag","embeddable":true,"href":"https:\/\/www.verklaro.tv\/no&ca\/wp-json\/wp\/v2\/tags?post=344"}],"curies":[{"name":"wp","href":"https:\/\/api.w.org\/{rel}","templated":true}]}}