{"id":347,"date":"2012-02-22T11:13:45","date_gmt":"2012-02-22T11:13:45","guid":{"rendered":"http:\/\/www.verklaro.tv\/no&#038;ca\/?p=347"},"modified":"2012-02-22T11:13:45","modified_gmt":"2012-02-22T11:13:45","slug":"nota-sobre-a-utilizacao-de-imagens","status":"publish","type":"post","link":"https:\/\/www.verklaro.tv\/no&ca\/2012\/02\/nota-sobre-a-utilizacao-de-imagens\/","title":{"rendered":"Nota sobre a utiliza\u00e7\u00e3o de imagens"},"content":{"rendered":"<p>A Verklaro Eventos utiliza um m\u00ednimo de imagens poss\u00edvel para respeitar a privacidade dos seus clientes e das suas actividades.<\/p>\n<p>A Verklaro Eventos \u00a0n\u00e3o recorre a imagens de ag\u00eancias de imagem para promover os nossos produtos e servi\u00e7os. A verdade dos factos deve ser preservada. S\u00f3 mostramos imagens dos servi\u00e7os e produtos que realmente disponibilizamos ao cliente para que este n\u00e3o se sinta defraudado.<\/p>\n<p>Os nossos clientes tem acesso completo as imagens por n\u00f3s produzidas nas suas actividades. S\u00f3 utilizamos as que necessitamos para promover os nossos servi\u00e7os e nas nossas instala\u00e7\u00f5es.<\/p>\n<div class=\"al2fb_like_button\"><div id=\"fb-root\"><\/div><script type=\"text\/javascript\">\n(function(d, s, id) {\n  var js, fjs = d.getElementsByTagName(s)[0];\n  if (d.getElementById(id)) return;\n  js = d.createElement(s); js.id = id;\n  js.src = \"\/\/connect.facebook.net\/pt_PT\/all.js#xfbml=1&appId=correio@verklaro.tv\";\n  fjs.parentNode.insertBefore(js, fjs);\n}(document, \"script\", \"facebook-jssdk\"));\n<\/script>\n<fb:like href=\"https:\/\/www.verklaro.tv\/no&ca\/2012\/02\/nota-sobre-a-utilizacao-de-imagens\/\" layout=\"standard\" show_faces=\"true\" share=\"false\" width=\"450\" action=\"recommend\" font=\"arial\" colorscheme=\"light\" ref=\"AL2FB\"><\/fb:like><\/div>","protected":false},"excerpt":{"rendered":"<p>A Verklaro Eventos utiliza um m\u00ednimo de imagens poss\u00edvel para respeitar a privacidade dos seus clientes e das suas actividades. A Verklaro Eventos \u00a0n\u00e3o recorre a imagens de ag\u00eancias de imagem para promover os nossos produtos e servi\u00e7os. A verdade &hellip; <a href=\"https:\/\/www.verklaro.tv\/no&#038;ca\/2012\/02\/nota-sobre-a-utilizacao-de-imagens\/\">Continuar a ler <span class=\"meta-nav\">&rarr;<\/span><\/a><\/p>\n","protected":false},"author":2,"featured_media":0,"comment_status":"closed","ping_status":"open","sticky":false,"template":"","format":"standard","meta":{"footnotes":""},"categories":[4],"tags":[],"class_list":["post-347","post","type-post","status-publish","format-standard","hentry","category-novidades"],"_links":{"self":[{"href":"https:\/\/www.verklaro.tv\/no&ca\/wp-json\/wp\/v2\/posts\/347","targetHints":{"allow":["GET"]}}],"collection":[{"href":"https:\/\/www.verklaro.tv\/no&ca\/wp-json\/wp\/v2\/posts"}],"about":[{"href":"https:\/\/www.verklaro.tv\/no&ca\/wp-json\/wp\/v2\/types\/post"}],"author":[{"embeddable":true,"href":"https:\/\/www.verklaro.tv\/no&ca\/wp-json\/wp\/v2\/users\/2"}],"replies":[{"embeddable":true,"href":"https:\/\/www.verklaro.tv\/no&ca\/wp-json\/wp\/v2\/comments?post=347"}],"version-history":[{"count":2,"href":"https:\/\/www.verklaro.tv\/no&ca\/wp-json\/wp\/v2\/posts\/347\/revisions"}],"predecessor-version":[{"id":349,"href":"https:\/\/www.verklaro.tv\/no&ca\/wp-json\/wp\/v2\/posts\/347\/revisions\/349"}],"wp:attachment":[{"href":"https:\/\/www.verklaro.tv\/no&ca\/wp-json\/wp\/v2\/media?parent=347"}],"wp:term":[{"taxonomy":"category","embeddable":true,"href":"https:\/\/www.verklaro.tv\/no&ca\/wp-json\/wp\/v2\/categories?post=347"},{"taxonomy":"post_tag","embeddable":true,"href":"https:\/\/www.verklaro.tv\/no&ca\/wp-json\/wp\/v2\/tags?post=347"}],"curies":[{"name":"wp","href":"https:\/\/api.w.org\/{rel}","templated":true}]}}