{"id":464,"date":"2014-12-31T23:59:48","date_gmt":"2014-12-31T23:59:48","guid":{"rendered":"http:\/\/www.verklaro.tv\/no&#038;ca\/?p=464"},"modified":"2014-12-31T16:52:38","modified_gmt":"2014-12-31T16:52:38","slug":"agradecimento-uma-nova-vida-nos-eventos","status":"publish","type":"post","link":"https:\/\/www.verklaro.tv\/no&ca\/2014\/12\/agradecimento-uma-nova-vida-nos-eventos\/","title":{"rendered":"Agradecimento e uma nova vida nos eventos."},"content":{"rendered":"<p>Desde j\u00e1 BOM ANO de 2015!<\/p>\n<p>A Verklaro Eventos manteve-se no mercado em 2014, gra\u00e7as ao apoio dos nossos clientes, colaboradores e amigos.<br \/>\nEsperamos manter a parceria de confian\u00e7a para 2015.<\/p>\n<p>Porque \u00e9 importante para n\u00f3s, temos que deixar aqui neste espa\u00e7o um GRANDE agradecimento aos nossos colaboradores.<br \/>\nA Sara foi a cara da empresa em 2014. Ela esteve presente e dispon\u00edvel para todos os nossos cientes. Sabemos qu\u00e3o dif\u00edcil foi a tua tarefa. Em condi\u00e7\u00f5es adversas manteve a m\u00e1quina a andar. \u00a0N\u00e3o foi simples, mas foi um grande desafio superado. Obrigado por tudo.<br \/>\nClaro que todos os outros foram importantes e sem eles n\u00e3o seria o mesmo.<br \/>\nUma lista incompleta de nomes que estiveram por detr\u00e1s do nosso trabalho&#8230;<br \/>\nObrigado Margarida na coordena\u00e7\u00e3o e atendimento e apoio e tudo&#8230;.<br \/>\nNa cozinha Isabel, Natividade, Miguel, Carlos, Graciete, Jo\u00e3o, Lu\u00eds,&#8230;<br \/>\nNo apoio geral a Rita, Isabel&#8230;.<br \/>\nNo catering Regina, Jos\u00e9, Jo\u00e3o, Pedro, Luis, &#8230;.<br \/>\nNa imagem Jo\u00e3o, Henrique, Pedro, Lu\u00eds, &#8230;.<br \/>\nNas parcerias, o Herminio, Ana e a Sra da Lapa!!<\/p>\n<p>E de uma forma geral a todos os fornecedores, obrigado, sois a nossa fonte, o nosso pilar. Sois v\u00f3s que proporcionam a qualidade que levamos aos nossos clientes.<\/p>\n<p>A todos um grande BEM HAJA por tudo.<\/p>\n<p>&nbsp;<\/p>\n<p>Ant\u00f3nio Barreto<\/p>\n<div class=\"al2fb_like_button\"><div id=\"fb-root\"><\/div><script type=\"text\/javascript\">\n(function(d, s, id) {\n  var js, fjs = d.getElementsByTagName(s)[0];\n  if (d.getElementById(id)) return;\n  js = d.createElement(s); js.id = id;\n  js.src = \"\/\/connect.facebook.net\/pt_PT\/all.js#xfbml=1&appId=correio@verklaro.tv\";\n  fjs.parentNode.insertBefore(js, fjs);\n}(document, \"script\", \"facebook-jssdk\"));\n<\/script>\n<fb:like href=\"https:\/\/www.verklaro.tv\/no&ca\/2014\/12\/agradecimento-uma-nova-vida-nos-eventos\/\" layout=\"standard\" show_faces=\"true\" share=\"false\" width=\"450\" action=\"recommend\" font=\"arial\" colorscheme=\"light\" ref=\"AL2FB\"><\/fb:like><\/div>","protected":false},"excerpt":{"rendered":"<p>Desde j\u00e1 BOM ANO de 2015! A Verklaro Eventos manteve-se no mercado em 2014, gra\u00e7as ao apoio dos nossos clientes, colaboradores e amigos. Esperamos manter a parceria de confian\u00e7a para 2015. Porque \u00e9 importante para n\u00f3s, temos que deixar aqui &hellip; <a href=\"https:\/\/www.verklaro.tv\/no&#038;ca\/2014\/12\/agradecimento-uma-nova-vida-nos-eventos\/\">Continuar a ler <span class=\"meta-nav\">&rarr;<\/span><\/a><\/p>\n","protected":false},"author":2,"featured_media":0,"comment_status":"closed","ping_status":"open","sticky":false,"template":"","format":"standard","meta":{"footnotes":""},"categories":[1,4],"tags":[],"class_list":["post-464","post","type-post","status-publish","format-standard","hentry","category-sem-categoria","category-novidades"],"_links":{"self":[{"href":"https:\/\/www.verklaro.tv\/no&ca\/wp-json\/wp\/v2\/posts\/464","targetHints":{"allow":["GET"]}}],"collection":[{"href":"https:\/\/www.verklaro.tv\/no&ca\/wp-json\/wp\/v2\/posts"}],"about":[{"href":"https:\/\/www.verklaro.tv\/no&ca\/wp-json\/wp\/v2\/types\/post"}],"author":[{"embeddable":true,"href":"https:\/\/www.verklaro.tv\/no&ca\/wp-json\/wp\/v2\/users\/2"}],"replies":[{"embeddable":true,"href":"https:\/\/www.verklaro.tv\/no&ca\/wp-json\/wp\/v2\/comments?post=464"}],"version-history":[{"count":4,"href":"https:\/\/www.verklaro.tv\/no&ca\/wp-json\/wp\/v2\/posts\/464\/revisions"}],"predecessor-version":[{"id":557,"href":"https:\/\/www.verklaro.tv\/no&ca\/wp-json\/wp\/v2\/posts\/464\/revisions\/557"}],"wp:attachment":[{"href":"https:\/\/www.verklaro.tv\/no&ca\/wp-json\/wp\/v2\/media?parent=464"}],"wp:term":[{"taxonomy":"category","embeddable":true,"href":"https:\/\/www.verklaro.tv\/no&ca\/wp-json\/wp\/v2\/categories?post=464"},{"taxonomy":"post_tag","embeddable":true,"href":"https:\/\/www.verklaro.tv\/no&ca\/wp-json\/wp\/v2\/tags?post=464"}],"curies":[{"name":"wp","href":"https:\/\/api.w.org\/{rel}","templated":true}]}}