{"id":572,"date":"2015-01-31T08:18:19","date_gmt":"2015-01-31T08:18:19","guid":{"rendered":"http:\/\/www.verklaro.tv\/no&#038;ca\/?p=572"},"modified":"2015-01-29T17:25:25","modified_gmt":"2015-01-29T17:25:25","slug":"decoracoes-2015","status":"publish","type":"post","link":"https:\/\/www.verklaro.tv\/no&ca\/2015\/01\/decoracoes-2015\/","title":{"rendered":"Decora\u00e7\u00f5es 2015"},"content":{"rendered":"<p>\u00c9 natural ligar as Igrejas a velas, ent\u00e3o por n\u00e3o decorar a igreja com mais vels?<\/p>\n<p>As velas tamb\u00e9m s\u00e3o tend\u00eancia e s\u00e3o mais baratas do que arranjos de flores.<\/p>\n<p>Em algumas Igrejas poder\u00e1 torna-las mais romanticas.<\/p>\n<p>Geralmente os padrs n\u00e3o se op\u00f5em a esse tipo de enfeite, desde que tudo seja feito com seguran\u00e7a. Para isso, fa\u00e7a quest\u00e3o de que as velas fiquem dentro de vasos de vidro, por exemplo. O importante \u00e9 que elas n\u00e3o possam cair e que nada entre em contato com o fogo.<\/p>\n<p><a href=\"http:\/\/www.verklaro.tv\/no&amp;ca\/wp-content\/uploads\/2015\/01\/SAM_7075.jpg\"><img loading=\"lazy\" decoding=\"async\" class=\"alignnone size-medium wp-image-573\" src=\"http:\/\/www.verklaro.tv\/no&amp;ca\/wp-content\/uploads\/2015\/01\/SAM_7075-225x300.jpg\" alt=\"SAM_7075\" width=\"225\" height=\"300\" srcset=\"https:\/\/www.verklaro.tv\/no&amp;ca\/wp-content\/uploads\/2015\/01\/SAM_7075-225x300.jpg 225w, https:\/\/www.verklaro.tv\/no&amp;ca\/wp-content\/uploads\/2015\/01\/SAM_7075-768x1024.jpg 768w\" sizes=\"auto, (max-width: 225px) 100vw, 225px\" \/><\/a><\/p>\n<p>Imagine uma igreja mais escura e veja como funciona em pleno esta ideia.<\/p>\n<p>Fale connosco para a compra de velas e decora\u00e7\u00e3o.<\/p>\n<p><a title=\"Loja Verklaro\" href=\"http:\/\/www.verklaro.tv\/loja\" target=\"_blank\">www.verklaro.tv\/loja<\/a><\/p>\n<div class=\"al2fb_like_button\"><div id=\"fb-root\"><\/div><script type=\"text\/javascript\">\n(function(d, s, id) {\n  var js, fjs = d.getElementsByTagName(s)[0];\n  if (d.getElementById(id)) return;\n  js = d.createElement(s); js.id = id;\n  js.src = \"\/\/connect.facebook.net\/pt_PT\/all.js#xfbml=1&appId=correio@verklaro.tv\";\n  fjs.parentNode.insertBefore(js, fjs);\n}(document, \"script\", \"facebook-jssdk\"));\n<\/script>\n<fb:like href=\"https:\/\/www.verklaro.tv\/no&ca\/2015\/01\/decoracoes-2015\/\" layout=\"standard\" show_faces=\"true\" share=\"false\" width=\"450\" action=\"recommend\" font=\"arial\" colorscheme=\"light\" ref=\"AL2FB\"><\/fb:like><\/div>","protected":false},"excerpt":{"rendered":"<p>\u00c9 natural ligar as Igrejas a velas, ent\u00e3o por n\u00e3o decorar a igreja com mais vels? As velas tamb\u00e9m s\u00e3o tend\u00eancia e s\u00e3o mais baratas do que arranjos de flores. Em algumas Igrejas poder\u00e1 torna-las mais romanticas. Geralmente os padrs &hellip; <a href=\"https:\/\/www.verklaro.tv\/no&#038;ca\/2015\/01\/decoracoes-2015\/\">Continuar a ler <span class=\"meta-nav\">&rarr;<\/span><\/a><\/p>\n","protected":false},"author":2,"featured_media":0,"comment_status":"closed","ping_status":"open","sticky":false,"template":"","format":"standard","meta":{"footnotes":""},"categories":[4],"tags":[71,73,72],"class_list":["post-572","post","type-post","status-publish","format-standard","hentry","category-novidades","tag-decoracao-de-igrejas","tag-igreja","tag-velas"],"_links":{"self":[{"href":"https:\/\/www.verklaro.tv\/no&ca\/wp-json\/wp\/v2\/posts\/572","targetHints":{"allow":["GET"]}}],"collection":[{"href":"https:\/\/www.verklaro.tv\/no&ca\/wp-json\/wp\/v2\/posts"}],"about":[{"href":"https:\/\/www.verklaro.tv\/no&ca\/wp-json\/wp\/v2\/types\/post"}],"author":[{"embeddable":true,"href":"https:\/\/www.verklaro.tv\/no&ca\/wp-json\/wp\/v2\/users\/2"}],"replies":[{"embeddable":true,"href":"https:\/\/www.verklaro.tv\/no&ca\/wp-json\/wp\/v2\/comments?post=572"}],"version-history":[{"count":1,"href":"https:\/\/www.verklaro.tv\/no&ca\/wp-json\/wp\/v2\/posts\/572\/revisions"}],"predecessor-version":[{"id":574,"href":"https:\/\/www.verklaro.tv\/no&ca\/wp-json\/wp\/v2\/posts\/572\/revisions\/574"}],"wp:attachment":[{"href":"https:\/\/www.verklaro.tv\/no&ca\/wp-json\/wp\/v2\/media?parent=572"}],"wp:term":[{"taxonomy":"category","embeddable":true,"href":"https:\/\/www.verklaro.tv\/no&ca\/wp-json\/wp\/v2\/categories?post=572"},{"taxonomy":"post_tag","embeddable":true,"href":"https:\/\/www.verklaro.tv\/no&ca\/wp-json\/wp\/v2\/tags?post=572"}],"curies":[{"name":"wp","href":"https:\/\/api.w.org\/{rel}","templated":true}]}}