{"id":651,"date":"2015-12-02T22:39:47","date_gmt":"2015-12-02T22:39:47","guid":{"rendered":"http:\/\/www.verklaro.tv\/no&#038;ca\/?p=651"},"modified":"2015-12-02T22:48:13","modified_gmt":"2015-12-02T22:48:13","slug":"festas-de-natal","status":"publish","type":"post","link":"https:\/\/www.verklaro.tv\/no&ca\/2015\/12\/festas-de-natal\/","title":{"rendered":"Festas de Natal"},"content":{"rendered":"<p>&nbsp;<\/p>\n<p><a href=\"http:\/\/www.verklaro.tv\/no&amp;ca\/wp-content\/uploads\/2015\/12\/bodas-ouro2.jpg\">Pretende dar um &#8220;outro&#8221; aspecto \u00e0 sua festa de Natal?<br \/>\n<\/a><a href=\"http:\/\/www.verklaro.tv\/no&amp;ca\/wp-content\/uploads\/2015\/12\/bodas-ouro2.jpg\"> Temos para aluguer atoalhados, talheres, copos e preparamos a decora\u00e7\u00e3o da sua festa.<\/a><strong><a href=\"http:\/\/www.verklaro.tv\/no&amp;ca\/wp-content\/uploads\/2015\/12\/bodas-ouro2.jpg\"><br \/>\nDiga-nos o que necessita&#8230;<\/a><\/strong><a href=\"http:\/\/www.verklaro.tv\/no&amp;ca\/wp-content\/uploads\/2015\/12\/mesa-bodas-de-ouro.jpg\"><img loading=\"lazy\" decoding=\"async\" class=\"size-medium wp-image-665 alignleft\" src=\"http:\/\/www.verklaro.tv\/no&amp;ca\/wp-content\/uploads\/2015\/12\/mesa-bodas-de-ouro-300x169.jpg\" alt=\"mesa bodas de ouro\" width=\"300\" height=\"169\" srcset=\"https:\/\/www.verklaro.tv\/no&amp;ca\/wp-content\/uploads\/2015\/12\/mesa-bodas-de-ouro-300x169.jpg 300w, https:\/\/www.verklaro.tv\/no&amp;ca\/wp-content\/uploads\/2015\/12\/mesa-bodas-de-ouro-500x281.jpg 500w, https:\/\/www.verklaro.tv\/no&amp;ca\/wp-content\/uploads\/2015\/12\/mesa-bodas-de-ouro.jpg 960w\" sizes=\"auto, (max-width: 300px) 100vw, 300px\" \/><\/a><a href=\"http:\/\/www.verklaro.tv\/no&amp;ca\/wp-content\/uploads\/2015\/12\/mesa-ouro1.jpg\"><img loading=\"lazy\" decoding=\"async\" class=\"size-medium wp-image-663 alignnone\" src=\"http:\/\/www.verklaro.tv\/no&amp;ca\/wp-content\/uploads\/2015\/12\/mesa-ouro1-169x300.jpg\" alt=\"mesa ouro1\" width=\"169\" height=\"300\" srcset=\"https:\/\/www.verklaro.tv\/no&amp;ca\/wp-content\/uploads\/2015\/12\/mesa-ouro1-169x300.jpg 169w, https:\/\/www.verklaro.tv\/no&amp;ca\/wp-content\/uploads\/2015\/12\/mesa-ouro1.jpg 540w\" sizes=\"auto, (max-width: 169px) 100vw, 169px\" \/><\/a><a href=\"http:\/\/www.verklaro.tv\/no&amp;ca\/wp-content\/uploads\/2015\/12\/mesa-ouro2.jpg\"><img loading=\"lazy\" decoding=\"async\" class=\"size-medium wp-image-662 alignnone\" src=\"http:\/\/www.verklaro.tv\/no&amp;ca\/wp-content\/uploads\/2015\/12\/mesa-ouro2-300x169.jpg\" alt=\"mesa ouro2\" width=\"300\" height=\"169\" srcset=\"https:\/\/www.verklaro.tv\/no&amp;ca\/wp-content\/uploads\/2015\/12\/mesa-ouro2-300x169.jpg 300w, https:\/\/www.verklaro.tv\/no&amp;ca\/wp-content\/uploads\/2015\/12\/mesa-ouro2-500x281.jpg 500w, https:\/\/www.verklaro.tv\/no&amp;ca\/wp-content\/uploads\/2015\/12\/mesa-ouro2.jpg 960w\" sizes=\"auto, (max-width: 300px) 100vw, 300px\" \/><\/a><a href=\"http:\/\/www.verklaro.tv\/no&amp;ca\/wp-content\/uploads\/2015\/12\/bodas-ouro2.jpg\"><img loading=\"lazy\" decoding=\"async\" class=\"size-medium wp-image-661 alignleft\" src=\"http:\/\/www.verklaro.tv\/no&amp;ca\/wp-content\/uploads\/2015\/12\/bodas-ouro2-300x300.jpg\" alt=\"bodas ouro2\" width=\"300\" height=\"300\" srcset=\"https:\/\/www.verklaro.tv\/no&amp;ca\/wp-content\/uploads\/2015\/12\/bodas-ouro2-300x300.jpg 300w, https:\/\/www.verklaro.tv\/no&amp;ca\/wp-content\/uploads\/2015\/12\/bodas-ouro2-150x150.jpg 150w, https:\/\/www.verklaro.tv\/no&amp;ca\/wp-content\/uploads\/2015\/12\/bodas-ouro2.jpg 960w\" sizes=\"auto, (max-width: 300px) 100vw, 300px\" \/><\/a><\/p>\n<div class=\"al2fb_like_button\"><div id=\"fb-root\"><\/div><script type=\"text\/javascript\">\n(function(d, s, id) {\n  var js, fjs = d.getElementsByTagName(s)[0];\n  if (d.getElementById(id)) return;\n  js = d.createElement(s); js.id = id;\n  js.src = \"\/\/connect.facebook.net\/pt_PT\/all.js#xfbml=1&appId=correio@verklaro.tv\";\n  fjs.parentNode.insertBefore(js, fjs);\n}(document, \"script\", \"facebook-jssdk\"));\n<\/script>\n<fb:like href=\"https:\/\/www.verklaro.tv\/no&ca\/2015\/12\/festas-de-natal\/\" layout=\"standard\" show_faces=\"true\" share=\"false\" width=\"450\" action=\"recommend\" font=\"arial\" colorscheme=\"light\" ref=\"AL2FB\"><\/fb:like><\/div>","protected":false},"excerpt":{"rendered":"<p>&nbsp; Pretende dar um &#8220;outro&#8221; aspecto \u00e0 sua festa de Natal? Temos para aluguer atoalhados, talheres, copos e preparamos a decora\u00e7\u00e3o da sua festa. Diga-nos o que necessita&#8230;<\/p>\n","protected":false},"author":2,"featured_media":662,"comment_status":"closed","ping_status":"open","sticky":false,"template":"","format":"image","meta":{"footnotes":""},"categories":[4],"tags":[81,51,80,79,52,82],"class_list":["post-651","post","type-post","status-publish","format-image","has-post-thumbnail","hentry","category-novidades","tag-aluguer","tag-catering","tag-decoracao","tag-natal","tag-organizacao-total","tag-toalhas","post_format-post-format-image"],"_links":{"self":[{"href":"https:\/\/www.verklaro.tv\/no&ca\/wp-json\/wp\/v2\/posts\/651","targetHints":{"allow":["GET"]}}],"collection":[{"href":"https:\/\/www.verklaro.tv\/no&ca\/wp-json\/wp\/v2\/posts"}],"about":[{"href":"https:\/\/www.verklaro.tv\/no&ca\/wp-json\/wp\/v2\/types\/post"}],"author":[{"embeddable":true,"href":"https:\/\/www.verklaro.tv\/no&ca\/wp-json\/wp\/v2\/users\/2"}],"replies":[{"embeddable":true,"href":"https:\/\/www.verklaro.tv\/no&ca\/wp-json\/wp\/v2\/comments?post=651"}],"version-history":[{"count":6,"href":"https:\/\/www.verklaro.tv\/no&ca\/wp-json\/wp\/v2\/posts\/651\/revisions"}],"predecessor-version":[{"id":672,"href":"https:\/\/www.verklaro.tv\/no&ca\/wp-json\/wp\/v2\/posts\/651\/revisions\/672"}],"wp:featuredmedia":[{"embeddable":true,"href":"https:\/\/www.verklaro.tv\/no&ca\/wp-json\/wp\/v2\/media\/662"}],"wp:attachment":[{"href":"https:\/\/www.verklaro.tv\/no&ca\/wp-json\/wp\/v2\/media?parent=651"}],"wp:term":[{"taxonomy":"category","embeddable":true,"href":"https:\/\/www.verklaro.tv\/no&ca\/wp-json\/wp\/v2\/categories?post=651"},{"taxonomy":"post_tag","embeddable":true,"href":"https:\/\/www.verklaro.tv\/no&ca\/wp-json\/wp\/v2\/tags?post=651"}],"curies":[{"name":"wp","href":"https:\/\/api.w.org\/{rel}","templated":true}]}}